{"id":2474,"date":"2026-04-27T08:10:00","date_gmt":"2026-04-27T06:10:00","guid":{"rendered":"https:\/\/pid.edu.pl\/aktualnosci\/?p=2474"},"modified":"2026-04-27T09:34:50","modified_gmt":"2026-04-27T07:34:50","slug":"dieta-wzmacniajaca-pluca-co-jesc-aby-wspierac-uklad-oddechowy","status":"publish","type":"post","link":"https:\/\/pid.edu.pl\/aktualnosci\/dieta-wzmacniajaca-pluca-co-jesc-aby-wspierac-uklad-oddechowy\/","title":{"rendered":"Dieta wzmacniaj\u0105ca p\u0142uca \u2013 co je\u015b\u0107, aby wspiera\u0107 uk\u0142ad oddechowy?"},"content":{"rendered":"\n<p>Jak powinna wygl\u0105da\u0107 dieta wzmacniaj\u0105ca p\u0142uca, aby skutecznie wspiera\u0107 uk\u0142ad oddechowy? Jad\u0142ospis warto opiera\u0107 na <strong>produktach o dzia\u0142aniu przeciwzapalnym, odpowiednim nawodnieniu oraz sk\u0142adnikach wspieraj\u0105cych odporno\u015b\u0107<\/strong>. Sprawd\u017a, jak planowa\u0107 \u017cywienie, kt\u00f3re wspiera wydolno\u015b\u0107 i regeneracj\u0119 organizmu.<\/p>\n\n\n\n<h2 class=\"wp-block-heading\">Jak dieta wp\u0142ywa na wydolno\u015b\u0107 oddechow\u0105 i regeneracj\u0119 organizmu?<\/h2>\n\n\n\n<p>Dieta wp\u0142ywa na wydolno\u015b\u0107 oddechow\u0105 <strong>poprzez dostarczanie sk\u0142adnik\u00f3w wspieraj\u0105cych prac\u0119 mi\u0119\u015bni oddechowych oraz procesy regeneracyjne organizmu<\/strong>. Odpowiednio dobrany jad\u0142ospis mo\u017ce poprawia\u0107 tolerancj\u0119 wysi\u0142ku i wspiera\u0107 szybszy powr\u00f3t do formy.&nbsp;<\/p>\n\n\n\n<p>W praktyce dieta wzmacniaj\u0105ca p\u0142uca powinna uwzgl\u0119dnia\u0107:<\/p>\n\n\n\n<ul class=\"wp-block-list\">\n<li>odpowiedni\u0105 poda\u017c energii;\u00a0<\/li>\n\n\n\n<li>wsparcie proces\u00f3w regeneracyjnych;\u00a0<\/li>\n\n\n\n<li>nawodnienie organizmu;\u00a0<\/li>\n\n\n\n<li>dostarczanie antyoksydant\u00f3w;\u00a0<\/li>\n\n\n\n<li>ograniczenie stan\u00f3w zapalnych.<\/li>\n<\/ul>\n\n\n\n<h2 class=\"wp-block-heading\">Jak wysi\u0142ek fizyczny wp\u0142ywa na prac\u0119 p\u0142uc i wydolno\u015b\u0107 organizmu?<\/h2>\n\n\n\n<p>Podczas wysi\u0142ku fizycznego organizm znacz\u0105co zwi\u0119ksza zapotrzebowanie na tlen, co przek\u0142ada si\u0119 na intensywniejsz\u0105 prac\u0119 uk\u0142adu oddechowego. Jak wskazuje europeanlung.org, <strong>oddech mo\u017ce przyspieszy\u0107 z oko\u0142o 15 do nawet 40-60 oddech\u00f3w na minut\u0119<\/strong>, a obj\u0119to\u015b\u0107 przep\u0142ywaj\u0105cego powietrza wzrasta kilkukrotnie.&nbsp;<\/p>\n\n\n\n<p>To pokazuje, jak<strong> wa\u017cn\u0105 rol\u0119 odgrywaj\u0105 zdrowe p\u0142uca i ich wydolno\u015b\u0107 w utrzymaniu efektywnej pracy ca\u0142ego organizmu.<\/strong> Zapisz si\u0119 na <a href=\"https:\/\/pid.edu.pl\/kursy\/138\/kurs-dietetyki-sportowej\">Kurs Dietetyki Sportowej<\/a> i zacznij profesjonalne doradztwo, wspieraj\u0105c osoby aktywne fizycznie.<\/p>\n\n\n\n<p>Na naszym blogu znajdziesz informacje, jak powinna wygl\u0105da\u0107:<\/p>\n\n\n\n<ul class=\"wp-block-list\">\n<li><a href=\"https:\/\/pid.edu.pl\/aktualnosci\/dieta-na-serce-jadlospis-i-zasady-zywienia-sprawdz-na-co-zwrocic-uwage-przy-problemach-z-ukladem-krazenia\/\" title=\"\">dieta na serce<\/a>;<\/li>\n\n\n\n<li><a href=\"https:\/\/pid.edu.pl\/aktualnosci\/dieta-na-nerki-jak-komponowac-jadlospis-aby-wspierac-funkcjonowanie-nerek\/\" title=\"\">dieta na nerki<\/a>;<\/li>\n\n\n\n<li><a href=\"https:\/\/pid.edu.pl\/aktualnosci\/najlepsza-dieta-na-jelita-sprawdz-te-przepisy\/\">dieta na jelita<\/a>;<\/li>\n\n\n\n<li><a href=\"https:\/\/pid.edu.pl\/aktualnosci\/co-jesc-na-chory-zoladek-i-jelita-przepisy-na-zdrowe-i-delikatne-posilki\/\">dieta na \u017co\u0142\u0105dek<\/a>.<\/li>\n<\/ul>\n\n\n\n<h2 class=\"wp-block-heading\">Dieta wzmacniaj\u0105ca p\u0142uca \u2013 co je\u015b\u0107, aby wspiera\u0107 uk\u0142ad oddechowy?<\/h2>\n\n\n\n<p>Jad\u0142ospis powinien uwzgl\u0119dnia\u0107<strong> warzywa i owoce bogate w witamin\u0119 C<\/strong> \u2013 wspieraj\u0105 one odporno\u015b\u0107 i dzia\u0142aj\u0105 antyoksydacyjnie.<\/p>\n\n\n\n<p>W diecie wzmacniaj\u0105cej p\u0142uca warto uwzgl\u0119dni\u0107 tak\u017ce inne <strong>produkty wspieraj\u0105ce prac\u0119 uk\u0142adu oddechowego, w tym m.in.:<\/strong>&nbsp;<\/p>\n\n\n\n<ul class=\"wp-block-list\">\n<li><strong>produkty zawieraj\u0105ce witamin\u0119 A<\/strong> \u2013 wspomagaj\u0105 prawid\u0142owe funkcjonowanie b\u0142on \u015bluzowych;\u00a0<\/li>\n\n\n\n<li><strong>zdrowe t\u0142uszcze<\/strong> \u2013 pomagaj\u0105 ogranicza\u0107 procesy zapalne w organizmie;\u00a0<\/li>\n\n\n\n<li><strong>produkty pe\u0142noziarniste<\/strong> \u2013 dostarczaj\u0105 energii i wspieraj\u0105 og\u00f3ln\u0105 kondycj\u0119;\u00a0<\/li>\n\n\n\n<li><strong>odpowiedni\u0105 ilo\u015b\u0107 p\u0142yn\u00f3w<\/strong> \u2013 pomaga utrzyma\u0107 prawid\u0142owe funkcjonowanie uk\u0142adu oddechowego.<\/li>\n<\/ul>\n\n\n\n<h2 class=\"wp-block-heading\">Jak mo\u017ce wygl\u0105da\u0107 przyk\u0142adowe menu w diecie wzmacniaj\u0105cej p\u0142uca?<\/h2>\n\n\n\n<p>Przyk\u0142adowe menu w diecie wzmacniaj\u0105cej p\u0142uca powinno opiera\u0107 si\u0119 na lekkostrawnych, r\u00f3\u017cnorodnych posi\u0142kach bogatych w sk\u0142adniki <strong>wspieraj\u0105ce odporno\u015b\u0107 i ograniczaj\u0105ce stany zapalne.<\/strong><\/p>\n\n\n\n<p><strong>\u015aniadanie:<\/strong><\/p>\n\n\n\n<ul class=\"wp-block-list\">\n<li>owsianka z owocami i orzechami \u2013 \u017ar\u00f3d\u0142o b\u0142onnika i antyoksydant\u00f3w;\u00a0<\/li>\n\n\n\n<li>kanapki z pe\u0142noziarnistego pieczywa z warzywami \u2013 lekkostrawna i zbilansowana opcja.<\/li>\n<\/ul>\n\n\n\n<p><strong>Drugie \u015bniadanie:<\/strong><\/p>\n\n\n\n<ul class=\"wp-block-list\">\n<li>jogurt naturalny z owocami \u2013 wspiera odporno\u015b\u0107 i dostarcza witamin;\u00a0<\/li>\n\n\n\n<li>koktajl warzywno-owocowy \u2013 szybkie \u017ar\u00f3d\u0142o antyoksydant\u00f3w.<\/li>\n<\/ul>\n\n\n\n<p><strong>Obiad<\/strong>&nbsp;<\/p>\n\n\n\n<ul class=\"wp-block-list\">\n<li>gotowane mi\u0119so lub ryba z warzywami \u2013 \u017ar\u00f3d\u0142o bia\u0142ka i sk\u0142adnik\u00f3w mineralnych;\u00a0<\/li>\n\n\n\n<li>kasza lub ry\u017c z warzywami \u2013 dostarcza energii i wspiera funkcjonowanie organizmu.<\/li>\n<\/ul>\n\n\n\n<p><strong>Kolacja<\/strong><\/p>\n\n\n\n<ul class=\"wp-block-list\">\n<li>sa\u0142atka z warzywami i zdrowymi t\u0142uszczami \u2013 wspiera regeneracj\u0119 i dzia\u0142a przeciwzapalnie;\u00a0<\/li>\n\n\n\n<li>lekkie kanapki z dodatkiem warzyw \u2013 prosta i dobrze tolerowana opcja.<\/li>\n<\/ul>\n\n\n\n<figure class=\"wp-block-image size-full\"><img loading=\"lazy\" decoding=\"async\" width=\"1000\" height=\"667\" src=\"https:\/\/pid.edu.pl\/aktualnosci\/wp-content\/uploads\/2026\/04\/dieta-wzmacniajaca-pluca-dietetyka-sportowa.jpg\" alt=\"dieta wzmacniaj\u0105ca p\u0142uca - dietetyka sportowa\" class=\"wp-image-2476\" srcset=\"https:\/\/pid.edu.pl\/aktualnosci\/wp-content\/uploads\/2026\/04\/dieta-wzmacniajaca-pluca-dietetyka-sportowa.jpg 1000w, https:\/\/pid.edu.pl\/aktualnosci\/wp-content\/uploads\/2026\/04\/dieta-wzmacniajaca-pluca-dietetyka-sportowa-300x200.jpg 300w, https:\/\/pid.edu.pl\/aktualnosci\/wp-content\/uploads\/2026\/04\/dieta-wzmacniajaca-pluca-dietetyka-sportowa-768x512.jpg 768w, https:\/\/pid.edu.pl\/aktualnosci\/wp-content\/uploads\/2026\/04\/dieta-wzmacniajaca-pluca-dietetyka-sportowa-696x464.jpg 696w, https:\/\/pid.edu.pl\/aktualnosci\/wp-content\/uploads\/2026\/04\/dieta-wzmacniajaca-pluca-dietetyka-sportowa-630x420.jpg 630w\" sizes=\"auto, (max-width: 1000px) 100vw, 1000px\" \/><\/figure>\n\n\n\n<h3 class=\"wp-block-heading\">Rozwi\u0144 kompetencje i pracuj z osobami aktywnymi fizycznie<\/h3>\n\n\n\n<p>Chcesz <strong>zrozumie\u0107, jak \u017cywienie wp\u0142ywa na wydolno\u015b\u0107, regeneracj\u0119 i osi\u0105gane wyniki<\/strong>? Zapisz si\u0119 na <a href=\"https:\/\/pid.edu.pl\/kursy\/138\/kurs-dietetyki-sportowej\">Kurs Dietetyki Sportowej<\/a> dost\u0119pny na pid.edu.pl. W trakcie nauki poznasz m.in.:<\/p>\n\n\n\n<ul class=\"wp-block-list\">\n<li>zasady \u017cywienia w sporcie;<\/li>\n\n\n\n<li>rol\u0119 makrosk\u0142adnik\u00f3w;<\/li>\n\n\n\n<li>sposoby dopasowania diety do r\u00f3\u017cnych typ\u00f3w wysi\u0142ku;<\/li>\n\n\n\n<li>podstawy planowania jad\u0142ospis\u00f3w dla os\u00f3b aktywnych fizycznie.\u00a0<\/li>\n<\/ul>\n\n\n\n<p>Postaw na profesjonalne przygotowanie i rozpocznij prac\u0119 ze sportowcami, kt\u00f3ra b\u0119dzie koncentrowa\u0107 si\u0119 na <strong>\u015bwiadomym wspieraniu ich rozwoju i efekt\u00f3w treningowych<\/strong>.<\/p>\n\n\n\n<h2 class=\"wp-block-heading\">FAQ<\/h2>\n\n\n\n<h3 class=\"wp-block-heading\">Na czym polega dieta wzmacniaj\u0105ca p\u0142uca?<\/h3>\n\n\n\n<p>Dieta wzmacniaj\u0105ca p\u0142uca polega na dostarczaniu sk\u0142adnik\u00f3w wspieraj\u0105cych uk\u0142ad oddechowy oraz ograniczaniu czynnik\u00f3w nasilaj\u0105cych stany zapalne. Jej celem jest poprawa wydolno\u015bci oddechowej i wsparcie regeneracji organizmu.<\/p>\n\n\n\n<h3 class=\"wp-block-heading\">Co powinna zawiera\u0107 dieta wzmacniaj\u0105ca p\u0142uca?<\/h3>\n\n\n\n<p>Dieta powinna zawiera\u0107 produkty bogate w antyoksydanty, witaminy oraz zdrowe t\u0142uszcze wspieraj\u0105ce funkcjonowanie organizmu. Istotne jest tak\u017ce odpowiednie nawodnienie i r\u00f3\u017cnorodno\u015b\u0107 sk\u0142adnik\u00f3w w jad\u0142ospisie.<\/p>\n\n\n\n<h3 class=\"wp-block-heading\">Dlaczego sportowcy powinni dba\u0107 o p\u0142uca?<\/h3>\n\n\n\n<p>P\u0142uca odpowiadaj\u0105 za dostarczanie tlenu do organizmu, co bezpo\u015brednio wp\u0142ywa na wydolno\u015b\u0107 fizyczn\u0105 i efektywno\u015b\u0107 trening\u00f3w. Ich dobra kondycja wspiera tak\u017ce szybsz\u0105 regeneracj\u0119 po wysi\u0142ku.<\/p>\n\n\n\n<h3 class=\"wp-block-heading\">Jak zdoby\u0107 przygotowanie z zakresu dietetyki sportowej?<\/h3>\n\n\n\n<p>Przygotowanie mo\u017cna zdoby\u0107 poprzez nauk\u0119 zasad \u017cywienia w sporcie oraz zrozumienie wp\u0142ywu diety na wydolno\u015b\u0107 i regeneracj\u0119. Pomocne s\u0105 kursy i szkolenia, kt\u00f3re ucz\u0105 planowania jad\u0142ospis\u00f3w dla os\u00f3b aktywnych fizycznie.<\/p>\n","protected":false},"excerpt":{"rendered":"<p>Jak powinna wygl\u0105da\u0107 dieta wzmacniaj\u0105ca p\u0142uca, aby skutecznie wspiera\u0107 uk\u0142ad oddechowy? Jad\u0142ospis warto opiera\u0107 na produktach o dzia\u0142aniu przeciwzapalnym, odpowiednim nawodnieniu oraz sk\u0142adnikach wspieraj\u0105cych odporno\u015b\u0107. Sprawd\u017a, jak planowa\u0107 \u017cywienie, kt\u00f3re wspiera wydolno\u015b\u0107 i regeneracj\u0119 organizmu. Jak dieta wp\u0142ywa na wydolno\u015b\u0107 oddechow\u0105 i regeneracj\u0119 organizmu? Dieta wp\u0142ywa na wydolno\u015b\u0107 oddechow\u0105 poprzez dostarczanie sk\u0142adnik\u00f3w wspieraj\u0105cych prac\u0119 mi\u0119\u015bni [&hellip;]<\/p>\n","protected":false},"author":8,"featured_media":2477,"comment_status":"closed","ping_status":"closed","sticky":false,"template":"","format":"standard","meta":{"_lmt_disableupdate":"","_lmt_disable":"","footnotes":""},"categories":[908],"tags":[],"class_list":["post-2474","post","type-post","status-publish","format-standard","has-post-thumbnail","hentry","category-dietetyka-sportowa"],"aioseo_notices":[],"modified_by":"Ernest","_links":{"self":[{"href":"https:\/\/pid.edu.pl\/aktualnosci\/wp-json\/wp\/v2\/posts\/2474","targetHints":{"allow":["GET"]}}],"collection":[{"href":"https:\/\/pid.edu.pl\/aktualnosci\/wp-json\/wp\/v2\/posts"}],"about":[{"href":"https:\/\/pid.edu.pl\/aktualnosci\/wp-json\/wp\/v2\/types\/post"}],"author":[{"embeddable":true,"href":"https:\/\/pid.edu.pl\/aktualnosci\/wp-json\/wp\/v2\/users\/8"}],"replies":[{"embeddable":true,"href":"https:\/\/pid.edu.pl\/aktualnosci\/wp-json\/wp\/v2\/comments?post=2474"}],"version-history":[{"count":2,"href":"https:\/\/pid.edu.pl\/aktualnosci\/wp-json\/wp\/v2\/posts\/2474\/revisions"}],"predecessor-version":[{"id":2478,"href":"https:\/\/pid.edu.pl\/aktualnosci\/wp-json\/wp\/v2\/posts\/2474\/revisions\/2478"}],"wp:featuredmedia":[{"embeddable":true,"href":"https:\/\/pid.edu.pl\/aktualnosci\/wp-json\/wp\/v2\/media\/2477"}],"wp:attachment":[{"href":"https:\/\/pid.edu.pl\/aktualnosci\/wp-json\/wp\/v2\/media?parent=2474"}],"wp:term":[{"taxonomy":"category","embeddable":true,"href":"https:\/\/pid.edu.pl\/aktualnosci\/wp-json\/wp\/v2\/categories?post=2474"},{"taxonomy":"post_tag","embeddable":true,"href":"https:\/\/pid.edu.pl\/aktualnosci\/wp-json\/wp\/v2\/tags?post=2474"}],"curies":[{"name":"wp","href":"https:\/\/api.w.org\/{rel}","templated":true}]}}