{"id":2423,"date":"2026-03-13T15:59:43","date_gmt":"2026-03-13T14:59:43","guid":{"rendered":"https:\/\/pid.edu.pl\/aktualnosci\/?p=2423"},"modified":"2026-03-17T12:49:47","modified_gmt":"2026-03-17T11:49:47","slug":"co-jesc-w-pologu-najwazniejsze-zasady-zywienia-po-porodzie","status":"publish","type":"post","link":"https:\/\/pid.edu.pl\/aktualnosci\/co-jesc-w-pologu-najwazniejsze-zasady-zywienia-po-porodzie\/","title":{"rendered":"Co je\u015b\u0107 w po\u0142ogu? Najwa\u017cniejsze zasady \u017cywienia po porodzie"},"content":{"rendered":"\n<p>Jak powinno wygl\u0105da\u0107 od\u017cywianie po porodzie, aby wspiera\u0107 organizm w czasie intensywnej regeneracji? <strong>W tym okresie szczeg\u00f3lne znaczenie ma zbilansowana dieta dostarczaj\u0105ca energii, bia\u0142ka oraz witamin i sk\u0142adnik\u00f3w mineralnych<\/strong>. Dowiedz si\u0119, co je\u015b\u0107 w po\u0142ogu i jakie produkty warto uwzgl\u0119dnia\u0107 w jad\u0142ospisie.<\/p>\n\n\n\n<h2 class=\"wp-block-heading\">Od\u017cywianie w po\u0142ogu \u2013 dlaczego jest tak wa\u017cne?<\/h2>\n\n\n\n<p>Od\u017cywianie w po\u0142ogu odgrywa <strong>wa\u017cn\u0105 rol\u0119 w regeneracji organizmu po porodzie oraz w stopniowym powrocie do r\u00f3wnowagi fizjologicznej<\/strong>. W tym okresie cia\u0142o kobiety odbudowuje zapasy sk\u0142adnik\u00f3w od\u017cywczych, regeneruje tkanki i przystosowuje si\u0119 do zmian hormonalnych, dlatego <strong>spos\u00f3b \u017cywienia powinien uwzgl\u0119dnia\u0107 zwi\u0119kszone zapotrzebowanie na niekt\u00f3re sk\u0142adniki.<\/strong><\/p>\n\n\n\n<h2 class=\"wp-block-heading\">Na co zwr\u00f3ci\u0107 uwag\u0119, planuj\u0105c \u017cywienie kobiety w okresie po\u0142ogu?<\/h2>\n\n\n\n<p>W planowaniu diety w tym czasie warto wzi\u0105\u0107 pod uwag\u0119 <strong>odpowiedni\u0105 poda\u017c energii<\/strong> \u2013 organizm po porodzie potrzebuje energii do regeneracji oraz codziennego funkcjonowania, zw\u0142aszcza w przypadku karmienia piersi\u0105.<\/p>\n\n\n\n<p>Szczeg\u00f3lnie nale\u017cy uwzgl\u0119dni\u0107:&nbsp;<\/p>\n\n\n\n<ul class=\"wp-block-list\">\n<li><strong>bia\u0142ko wspieraj\u0105ce odbudow\u0119 tkanek<\/strong> \u2013 jest istotne dla proces\u00f3w naprawczych i regeneracyjnych zachodz\u0105cych w organizmie po porodzie;<\/li>\n\n\n\n<li><strong>sk\u0142adniki mineralne, szczeg\u00f3lnie \u017celazo<\/strong> \u2013 pomagaj\u0105 uzupe\u0142ni\u0107 ewentualne niedobory zwi\u0105zane z utrat\u0105 krwi w trakcie porodu;<\/li>\n\n\n\n<li><strong>witaminy i mikroelementy<\/strong> \u2013 wspieraj\u0105 funkcjonowanie uk\u0142adu odporno\u015bciowego oraz og\u00f3ln\u0105 kondycj\u0119 organizmu;<\/li>\n\n\n\n<li><strong>odpowiednie nawodnienie<\/strong> \u2013 ma znaczenie dla prawid\u0142owego funkcjonowania organizmu oraz proces\u00f3w metabolicznych w okresie po\u0142ogu.<\/li>\n<\/ul>\n\n\n\n<p>Planujesz prac\u0119 w zawodzie? Sprawd\u017a <a href=\"https:\/\/pid.edu.pl\/kursy\/136\/kurs-dietetyka\"><strong>Kurs Dietetyka<\/strong><\/a> oraz <a href=\"https:\/\/pakiet.pid.edu.pl\/\"><strong>pakiet 3 kurs\u00f3w dietetycznych<\/strong><\/a>, kt\u00f3ry otwiera otwiera drzwi do prowadzenia w\u0142asnego gabinetu.<\/p>\n\n\n\n<h2 class=\"wp-block-heading\">Co mo\u017cna je\u015b\u0107 w po\u0142ogu?<\/h2>\n\n\n\n<p>Planowanie diety w tym okresie powinno opiera\u0107 si\u0119 na <strong>produktach wspieraj\u0105cych regeneracj\u0119 organizmu oraz uzupe\u0142nianie sk\u0142adnik\u00f3w od\u017cywczych utraconych w czasie ci\u0105\u017cy i porodu<\/strong>. Odpowiednio dobrane produkty pomagaj\u0105 odbudowa\u0107 si\u0142y i dostarczaj\u0105 energii potrzebnej w pierwszych tygodniach po porodzie.<\/p>\n\n\n\n<h3 class=\"wp-block-heading\">Produkty zalecane po porodzie<\/h3>\n\n\n\n<p>W jad\u0142ospisie warto uwzgl\u0119dnia\u0107 <strong>produkty bogate w bia\u0142ko<\/strong> \u2013 takie jak jaja, ryby, chude mi\u0119so czy ro\u015bliny str\u0105czkowe, kt\u00f3re wspieraj\u0105 odbudow\u0119 tkanek i procesy regeneracyjne. Zgodnie z danymi na portalu mp.pl zaleca si\u0119 spo\u017cycie oko\u0142o 110 g bia\u0142ka dziennie.<\/p>\n\n\n\n<p>Co je\u015b\u0107 w po\u0142ogu? W tym okresie zaleca si\u0119 r\u00f3wnie\u017c:<\/p>\n\n\n\n<ul class=\"wp-block-list\">\n<li><strong>warzywa i owoce<\/strong> \u2013 stanowi\u0105 wa\u017cne \u017ar\u00f3d\u0142o witamin, sk\u0142adnik\u00f3w mineralnych i antyoksydant\u00f3w wspieraj\u0105cych funkcjonowanie organizmu;<\/li>\n\n\n\n<li><strong>pe\u0142noziarniste produkty zbo\u017cowe<\/strong> \u2013 dostarczaj\u0105 energii oraz b\u0142onnika, kt\u00f3ry wspiera prac\u0119 uk\u0142adu pokarmowego;<\/li>\n\n\n\n<li><strong>zdrowe t\u0142uszcze<\/strong> \u2013 obecne m.in. w oliwie z oliwek, awokado czy orzechach, pomagaj\u0105 w utrzymaniu prawid\u0142owej gospodarki hormonalnej;<\/li>\n\n\n\n<li><strong>produkty bogate w \u017celazo<\/strong> \u2013 np. czerwone mi\u0119so, zielone warzywa li\u015bciaste czy nasiona ro\u015blin str\u0105czkowych, kt\u00f3re pomagaj\u0105 uzupe\u0142ni\u0107 ewentualne niedobory po porodzie.<\/li>\n<\/ul>\n\n\n\n<h2 class=\"wp-block-heading\">Czego warto unika\u0107 w okresie po\u0142ogu?<\/h2>\n\n\n\n<p>Do produkt\u00f3w niewskazanych nale\u017cy<strong> <\/strong>przede wszystkim<strong> \u017cywno\u015b\u0107 wysoko przetworzona. <\/strong>Cz\u0119sto zawiera du\u017ce ilo\u015bci soli, t\u0142uszcz\u00f3w trans i dodatk\u00f3w o niskiej warto\u015bci od\u017cywczej.<\/p>\n\n\n\n<p>Jad\u0142ospis kobiet w okresie po\u0142ogu powinien wyklucza\u0107 tak\u017ce:<\/p>\n\n\n\n<ul class=\"wp-block-list\">\n<li><strong>nadmiar cukru<\/strong> \u2013 mo\u017ce prowadzi\u0107 do gwa\u0142townych waha\u0144 poziomu energii oraz nie dostarcza cennych sk\u0142adnik\u00f3w od\u017cywczych;<\/li>\n\n\n\n<li><strong>alkohol<\/strong> \u2013 nie jest zalecany szczeg\u00f3lnie w okresie karmienia piersi\u0105 i mo\u017ce negatywnie wp\u0142ywa\u0107 na organizm;<\/li>\n\n\n\n<li><strong>bardzo ostre potrawy<\/strong> \u2013 u niekt\u00f3rych os\u00f3b mog\u0105 powodowa\u0107 dolegliwo\u015bci ze strony uk\u0142adu pokarmowego;<\/li>\n\n\n\n<li><strong>nadmiar kofeiny<\/strong> \u2013 jej wysokie spo\u017cycie mo\u017ce wp\u0142ywa\u0107 na samopoczucie oraz jako\u015b\u0107 snu.<\/li>\n<\/ul>\n\n\n\n<p><strong>Te artyku\u0142y mog\u0105 Ci\u0119 zainteresowa\u0107:<\/strong><\/p>\n\n\n\n<ul class=\"wp-block-list\">\n<li><a href=\"https:\/\/pid.edu.pl\/aktualnosci\/dieta-cukrzycowa-w-ciazy-tego-nie-moze-zabraknac-w-jadlospisie\/\" title=\"\">Dieta cukrzycowa w ci\u0105\u017cy. Tego nie mo\u017ce zabrakn\u0105\u0107 w jad\u0142ospisie.<\/a><\/li>\n\n\n\n<li><a href=\"https:\/\/pid.edu.pl\/aktualnosci\/dieta-dla-kobiet-w-ciazy-jak-powinna-wygladac-aby-wspierac-zdrowie-mamy-i-dziecka\/\" title=\"\">Dieta dla kobiet w ci\u0105\u017cy \u2013 jak powinna wygl\u0105da\u0107, aby wspiera\u0107 zdrowie mamy i dziecka?<\/a><\/li>\n<\/ul>\n\n\n\n<h2 class=\"wp-block-heading\">Co je\u015b\u0107 w po\u0142ogu? Przyk\u0142adowe dania i menu<\/h2>\n\n\n\n<p>Planowanie posi\u0142k\u00f3w w tym okresie powinno opiera\u0107 si\u0119 na daniach <strong>lekkostrawnych, od\u017cywczych i dostarczaj\u0105cych energii potrzebnej do regeneracji organizmu<\/strong>. Zastanawiaj\u0105c si\u0119, co je\u015b\u0107 w po\u0142ogu, warto komponowa\u0107 posi\u0142ki tak, aby \u0142\u0105czy\u0142y \u017ar\u00f3d\u0142a bia\u0142ka, zdrowych t\u0142uszcz\u00f3w oraz w\u0119glowodan\u00f3w z\u0142o\u017conych.<\/p>\n\n\n\n<h3 class=\"wp-block-heading\">\u015aniadanie<\/h3>\n\n\n\n<p><strong>Owsianka na mleku z dodatkiem orzech\u00f3w, banana i nasion chia.<\/strong> Taki posi\u0142ek dostarcza energii na pocz\u0105tek dnia oraz stanowi \u017ar\u00f3d\u0142o b\u0142onnika, bia\u0142ka i zdrowych t\u0142uszcz\u00f3w.<\/p>\n\n\n\n<h3 class=\"wp-block-heading\">Obiad<\/h3>\n\n\n\n<p><strong>Duszone mi\u0119so z indyka z kasz\u0105 jaglan\u0105 i gotowanymi warzywami, np. marchewk\u0105 i broku\u0142em<\/strong>. To danie \u0142\u0105czy bia\u0142ko, w\u0119glowodany z\u0142o\u017cone i sk\u0142adniki mineralne wspieraj\u0105ce regeneracj\u0119 organizmu po porodzie.<\/p>\n\n\n\n<h3 class=\"wp-block-heading\">Kolacja<\/h3>\n\n\n\n<p><strong>Kanapki z past\u0105 jajeczn\u0105 lub past\u0105 z awokado oraz \u015bwie\u017cymi warzywami<\/strong>. Lekki, ale warto\u015bciowy posi\u0142ek dostarczaj\u0105cy bia\u0142ka, witamin i zdrowych t\u0142uszcz\u00f3w.<\/p>\n\n\n\n<h3 class=\"wp-block-heading\">Przek\u0105ska<\/h3>\n\n\n\n<p><strong>Jogurt naturalny z owocami i pestkami dyni.<\/strong> Taka przek\u0105ska uzupe\u0142nia diet\u0119 w wap\u0144, bia\u0142ko i mikroelementy wa\u017cne w okresie po\u0142ogu.<\/p>\n\n\n\n<figure class=\"wp-block-image size-full\"><img loading=\"lazy\" decoding=\"async\" width=\"1000\" height=\"667\" src=\"https:\/\/pid.edu.pl\/aktualnosci\/wp-content\/uploads\/2026\/03\/dieta-w-pologu.jpg\" alt=\"dieta w po\u0142ogu\" class=\"wp-image-2428\" srcset=\"https:\/\/pid.edu.pl\/aktualnosci\/wp-content\/uploads\/2026\/03\/dieta-w-pologu.jpg 1000w, https:\/\/pid.edu.pl\/aktualnosci\/wp-content\/uploads\/2026\/03\/dieta-w-pologu-300x200.jpg 300w, https:\/\/pid.edu.pl\/aktualnosci\/wp-content\/uploads\/2026\/03\/dieta-w-pologu-768x512.jpg 768w, https:\/\/pid.edu.pl\/aktualnosci\/wp-content\/uploads\/2026\/03\/dieta-w-pologu-696x464.jpg 696w, https:\/\/pid.edu.pl\/aktualnosci\/wp-content\/uploads\/2026\/03\/dieta-w-pologu-630x420.jpg 630w\" sizes=\"auto, (max-width: 1000px) 100vw, 1000px\" \/><\/figure>\n\n\n\n<h2 class=\"wp-block-heading\">Jak przygotowa\u0107 si\u0119 do pracy jako dietetyk?<\/h2>\n\n\n\n<p>Planowanie \u017cywienia w r\u00f3\u017cnych etapach \u017cycia \u2013 takich jak ci\u0105\u017ca czy po\u0142\u00f3g \u2013 <strong>wymaga specjalistycznej wiedzy dietetycznej oraz umiej\u0119tno\u015bci tworzenia dobrze zbilansowanych jad\u0142ospis\u00f3w<\/strong>. Takie kompetencje mo\u017cna rozwija\u0107 poprzez profesjonalne szkolenia, jak np. <a href=\"https:\/\/pid.edu.pl\/kursy\/136\/kurs-dietetyka\">Kurs Dietetyka<\/a> dost\u0119pny na pid.edu.pl. Pozwala on zrozumie\u0107 zasady komponowania jad\u0142ospis\u00f3w w r\u00f3\u017cnych stanach fizjologicznych i zdrowotnych.&nbsp;<\/p>\n\n\n\n<p>Osoby, kt\u00f3re chc\u0105 zwi\u0105za\u0107 swoj\u0105 przysz\u0142o\u015b\u0107 zawodow\u0105 z dietetyk\u0105, mog\u0105 skorzysta\u0107 z kompleksowego <a href=\"https:\/\/pakiet.pid.edu.pl\/\"><strong>3-etapowego kursu<\/strong> <strong>dietetycznego<\/strong><\/a>. Jego uko\u0144czenie umo\u017cliwia <strong>uzyskanie tytu\u0142u dietetyka i prowadzenie<\/strong> <strong>w\u0142asnego gabinetu<\/strong>. Rozpocznij nauk\u0119 ju\u017c teraz i zdob\u0105d\u017a wiedz\u0119 z zakresu \u017cywienia cz\u0142owieka w r\u00f3\u017cnych etapach \u017cycia, staj\u0105c si\u0119 specjalist\u0105 po\u017c\u0105danym na rynku.<\/p>\n\n\n\n<h2 class=\"wp-block-heading\">FAQ<\/h2>\n\n\n\n<h3 class=\"wp-block-heading\">Co przygotowa\u0107 do jedzenia na po\u0142\u00f3g?<\/h3>\n\n\n\n<p>Na czas po\u0142ogu warto przygotowa\u0107 lekkostrawne, od\u017cywcze posi\u0142ki bogate w bia\u0142ko, warzywa, produkty pe\u0142noziarniste oraz zdrowe t\u0142uszcze, kt\u00f3re wspieraj\u0105 regeneracj\u0119 organizmu po porodzie.<\/p>\n\n\n\n<h3 class=\"wp-block-heading\">Co je\u015b\u0107 w po\u0142ogu?<\/h3>\n\n\n\n<p>W po\u0142ogu zaleca si\u0119 spo\u017cywanie zbilansowanych posi\u0142k\u00f3w opartych na warzywach, owocach, produktach pe\u0142noziarnistych, \u017ar\u00f3d\u0142ach bia\u0142ka oraz zdrowych t\u0142uszczach, kt\u00f3re dostarczaj\u0105 energii i sk\u0142adnik\u00f3w od\u017cywczych.<\/p>\n\n\n\n<h3 class=\"wp-block-heading\">Co powinna je\u015b\u0107 matka po porodzie?<\/h3>\n\n\n\n<p>Mama po porodzie powinna wybiera\u0107 r\u00f3\u017cnorodne, warto\u015bciowe produkty dostarczaj\u0105ce bia\u0142ka, \u017celaza, wapnia oraz witamin wspieraj\u0105cych regeneracj\u0119 organizmu i og\u00f3ln\u0105 kondycj\u0119.<\/p>\n\n\n\n<h3 class=\"wp-block-heading\">Czego nie wolno je\u015b\u0107 podczas po\u0142ogu?<\/h3>\n\n\n\n<p>Podczas po\u0142ogu zaleca si\u0119 unikanie alkoholu, \u017cywno\u015bci wysoko przetworzonej, nadmiaru cukru, bardzo ostrych potraw oraz produkt\u00f3w o niskiej warto\u015bci od\u017cywczej.<\/p>\n","protected":false},"excerpt":{"rendered":"<p>Jak powinno wygl\u0105da\u0107 od\u017cywianie po porodzie, aby wspiera\u0107 organizm w czasie intensywnej regeneracji? W tym okresie szczeg\u00f3lne znaczenie ma zbilansowana dieta dostarczaj\u0105ca energii, bia\u0142ka oraz witamin i sk\u0142adnik\u00f3w mineralnych. Dowiedz si\u0119, co je\u015b\u0107 w po\u0142ogu i jakie produkty warto uwzgl\u0119dnia\u0107 w jad\u0142ospisie. Od\u017cywianie w po\u0142ogu \u2013 dlaczego jest tak wa\u017cne? Od\u017cywianie w po\u0142ogu odgrywa wa\u017cn\u0105 [&hellip;]<\/p>\n","protected":false},"author":8,"featured_media":2440,"comment_status":"closed","ping_status":"closed","sticky":false,"template":"","format":"standard","meta":{"_lmt_disableupdate":"","_lmt_disable":"","footnotes":""},"categories":[953],"tags":[],"class_list":["post-2423","post","type-post","status-publish","format-standard","has-post-thumbnail","hentry","category-dietetyka-rodzinna"],"aioseo_notices":[],"modified_by":"Ernest","_links":{"self":[{"href":"https:\/\/pid.edu.pl\/aktualnosci\/wp-json\/wp\/v2\/posts\/2423","targetHints":{"allow":["GET"]}}],"collection":[{"href":"https:\/\/pid.edu.pl\/aktualnosci\/wp-json\/wp\/v2\/posts"}],"about":[{"href":"https:\/\/pid.edu.pl\/aktualnosci\/wp-json\/wp\/v2\/types\/post"}],"author":[{"embeddable":true,"href":"https:\/\/pid.edu.pl\/aktualnosci\/wp-json\/wp\/v2\/users\/8"}],"replies":[{"embeddable":true,"href":"https:\/\/pid.edu.pl\/aktualnosci\/wp-json\/wp\/v2\/comments?post=2423"}],"version-history":[{"count":6,"href":"https:\/\/pid.edu.pl\/aktualnosci\/wp-json\/wp\/v2\/posts\/2423\/revisions"}],"predecessor-version":[{"id":2439,"href":"https:\/\/pid.edu.pl\/aktualnosci\/wp-json\/wp\/v2\/posts\/2423\/revisions\/2439"}],"wp:featuredmedia":[{"embeddable":true,"href":"https:\/\/pid.edu.pl\/aktualnosci\/wp-json\/wp\/v2\/media\/2440"}],"wp:attachment":[{"href":"https:\/\/pid.edu.pl\/aktualnosci\/wp-json\/wp\/v2\/media?parent=2423"}],"wp:term":[{"taxonomy":"category","embeddable":true,"href":"https:\/\/pid.edu.pl\/aktualnosci\/wp-json\/wp\/v2\/categories?post=2423"},{"taxonomy":"post_tag","embeddable":true,"href":"https:\/\/pid.edu.pl\/aktualnosci\/wp-json\/wp\/v2\/tags?post=2423"}],"curies":[{"name":"wp","href":"https:\/\/api.w.org\/{rel}","templated":true}]}}