{"id":203,"date":"2018-02-16T10:43:10","date_gmt":"2018-02-16T09:43:10","guid":{"rendered":"http:\/\/pid.edu.pl\/aktualnosci\/?p=203"},"modified":"2025-09-26T08:04:37","modified_gmt":"2025-09-26T06:04:37","slug":"kurs-dietetyka-gdansk","status":"publish","type":"post","link":"https:\/\/pid.edu.pl\/aktualnosci\/kurs-dietetyka-gdansk\/","title":{"rendered":"Kurs dietetyka Gda\u0144sk"},"content":{"rendered":"<p>Zbilansowana dieta wp\u0142ywa pozytywnie na nasz uk\u0142ad odporno\u015bciowy, pokarmowy oraz nasze samopoczucie. Dlatego wiele os\u00f3b zwraca si\u0119 o pomoc do dietetyk\u00f3w. Dietetyk to osoba, kt\u00f3ra zajmuje si\u0119 uk\u0142adaniem indywidualnych diet do potrzeb konkretnego pacjenta.<\/p>\n<p>Jednak\u017ce aby m\u00f3c pracowa\u0107 jako dietetyk, nale\u017cy posiada\u0107 potwierdzenie swoich kwalifikacji zawodowych. Takie potwierdzenie mo\u017cna uzyska\u0107 ko\u0144cz\u0105c kurs kwalifikacyjny stacjonarny lub online.<\/p>\n<p>Taki kurs stacjonarny dietetyka odby\u0142 si\u0119 w dniach <strong>2 \u2013 8 lutego 2018 roku<\/strong> <strong>w<\/strong> <strong>Gda\u0144sku<\/strong>. Kurs sk\u0142ada\u0142 si\u0119 z kilku blok\u00f3w teoretyczno-praktycznych roz\u0142o\u017conych na kilka dni, prowadzonych przez wykwalifikowanych dietetyk\u00f3w. Po kursie, zosta\u0142y zebrane informacje zwrotne od absolwent\u00f3w, dotycz\u0105ce organizacji kursu oraz tre\u015bci programowej i okaza\u0142o si\u0119, \u017ce opinie uczestnik\u00f3w na temat kursu by\u0142y bardzo pozytywne.<\/p>\n<p>Wszystkie osoby, kt\u00f3re nie mog\u0142y pojawi\u0107 si\u0119 na kursie stacjonarnym w Gda\u0144sku, zapraszamy na kurs internetowy:\u00a0<a href=\"https:\/\/pid.edu.pl\/kursy\/136\/kurs-dietetyka\">https:\/\/pid.edu.pl\/kursy\/136\/kurs-dietetyka<\/a><\/p>\n<p>Kurs ten prowadzony jest przez instytucj\u0119 o\u015bwiatow\u0105. Wszystkie zawarte w nim <strong>materia\u0142y szkoleniowe s\u0105 zgodne z wymaganiami merytorycznymi Ministra Pracy i Polityki Spo\u0142ecznej<\/strong> i znajduj\u0105 si\u0119 na innowacyjnej platformie dydaktycznej.<\/p>\n<p>Dodatkowo uzyskane w trakcie szkolenia kwalifikacje, potwierdzone dyplomem dietetyka s\u0105 zgodne z <strong>Rozporz\u0105dzeniem Ministra Pracy i Polityki Spo\u0142ecznej<\/strong> oraz<strong> standardami ISCO.<\/strong>\u00a0 Wszystkie materia\u0142y otrzymuje si\u0119 drog\u0105 internetow\u0105, w taki sam spos\u00f3b zaliczane s\u0105 wszelkiego rodzaju testy i egzaminy, a dokumenty przychodz\u0105 poczt\u0105. Jest to zatem bardzo wygodna, wiarygodna i nowoczesna forma potwierdzania wymaganych kwalifikacji zawodowych.<\/p>\n","protected":false},"excerpt":{"rendered":"<p>Zbilansowana dieta wp\u0142ywa pozytywnie na nasz uk\u0142ad odporno\u015bciowy, pokarmowy oraz nasze samopoczucie. Dlatego wiele os\u00f3b zwraca si\u0119 o pomoc do dietetyk\u00f3w. Dietetyk to osoba, kt\u00f3ra zajmuje si\u0119 uk\u0142adaniem indywidualnych diet do potrzeb konkretnego pacjenta. Jednak\u017ce aby m\u00f3c pracowa\u0107 jako dietetyk, nale\u017cy posiada\u0107 potwierdzenie swoich kwalifikacji zawodowych. Takie potwierdzenie mo\u017cna uzyska\u0107 ko\u0144cz\u0105c kurs kwalifikacyjny stacjonarny lub [&hellip;]<\/p>\n","protected":false},"author":1,"featured_media":205,"comment_status":"closed","ping_status":"closed","sticky":false,"template":"","format":"standard","meta":{"_lmt_disableupdate":"","_lmt_disable":"","footnotes":""},"categories":[905],"tags":[249,247,253,254,248,246,256,255,250,251,252],"class_list":["post-203","post","type-post","status-publish","format-standard","has-post-thumbnail","hentry","category-praca-dietetyka","tag-gdansk-kurs-dietetyk","tag-gdansk-kurs-dietetyka","tag-gdansk-kurs-stacjonarny-dietetyka","tag-gdansk-kurs-stacjonarny-dietetyki","tag-kurs-dietetyk-gdansk","tag-kurs-dietetyka-gdansk","tag-kurs-dietetyka-stacjonarny-gdansk","tag-kurs-dietetyki-stacjonarny-gdansk","tag-kurs-stacjonarny-dietetyk-gdansk","tag-kurs-stacjonarny-dietetyka-gdansk","tag-kurs-stacjonarny-dietetyki-gdansk"],"aioseo_notices":[],"modified_by":"digital","_links":{"self":[{"href":"https:\/\/pid.edu.pl\/aktualnosci\/wp-json\/wp\/v2\/posts\/203","targetHints":{"allow":["GET"]}}],"collection":[{"href":"https:\/\/pid.edu.pl\/aktualnosci\/wp-json\/wp\/v2\/posts"}],"about":[{"href":"https:\/\/pid.edu.pl\/aktualnosci\/wp-json\/wp\/v2\/types\/post"}],"author":[{"embeddable":true,"href":"https:\/\/pid.edu.pl\/aktualnosci\/wp-json\/wp\/v2\/users\/1"}],"replies":[{"embeddable":true,"href":"https:\/\/pid.edu.pl\/aktualnosci\/wp-json\/wp\/v2\/comments?post=203"}],"version-history":[{"count":2,"href":"https:\/\/pid.edu.pl\/aktualnosci\/wp-json\/wp\/v2\/posts\/203\/revisions"}],"predecessor-version":[{"id":2229,"href":"https:\/\/pid.edu.pl\/aktualnosci\/wp-json\/wp\/v2\/posts\/203\/revisions\/2229"}],"wp:featuredmedia":[{"embeddable":true,"href":"https:\/\/pid.edu.pl\/aktualnosci\/wp-json\/wp\/v2\/media\/205"}],"wp:attachment":[{"href":"https:\/\/pid.edu.pl\/aktualnosci\/wp-json\/wp\/v2\/media?parent=203"}],"wp:term":[{"taxonomy":"category","embeddable":true,"href":"https:\/\/pid.edu.pl\/aktualnosci\/wp-json\/wp\/v2\/categories?post=203"},{"taxonomy":"post_tag","embeddable":true,"href":"https:\/\/pid.edu.pl\/aktualnosci\/wp-json\/wp\/v2\/tags?post=203"}],"curies":[{"name":"wp","href":"https:\/\/api.w.org\/{rel}","templated":true}]}}