{"id":122,"date":"2018-01-17T12:59:14","date_gmt":"2018-01-17T11:59:14","guid":{"rendered":"http:\/\/pid.edu.pl\/aktualnosci\/?p=122"},"modified":"2025-09-26T07:58:21","modified_gmt":"2025-09-26T05:58:21","slug":"zawod-dietetyka-na-czym-polega-i-kto-moze-zostac-dietetykiem","status":"publish","type":"post","link":"https:\/\/pid.edu.pl\/aktualnosci\/zawod-dietetyka-na-czym-polega-i-kto-moze-zostac-dietetykiem\/","title":{"rendered":"Na czym polega zaw\u00f3d dietetyka i jak mo\u017cna nim zosta\u0107?"},"content":{"rendered":"<p>Wi\u0119cej informacji na temat kursu znajdziesz na stronie:\u00a0<a href=\"https:\/\/pid.edu.pl\/kursy\/136\/kurs-dietetyka\">https:\/\/pid.edu.pl\/kursy\/136\/kurs-dietetyka<\/a><\/p>\n<p>Na wst\u0119pie nale\u017ca\u0142oby po kr\u00f3tce scharakteryzowa\u0107 czym zajmuje si\u0119 dietetyk. Ujmuj\u0105c zaw\u00f3d dietetyka og\u00f3lnie, to dietetyk zajmuje si\u0119 uk\u0142adaniem indywidualnych diet do potrzeb konkretnego pacjenta. Opr\u00f3cz kontaktu z drugim cz\u0142owiekiem i diagnozowaniu jego potrzeb, dietetyk prowadzi dokumentacj\u0119 medyczn\u0105, nierzadko r\u00f3wnie\u017c pe\u0142ni funkcj\u0119 edukatora, u\u015bwiadamiaj\u0105c ludziom jak funkcjonuje ich organizm i jak powinni o niego dba\u0107 pod wzgl\u0119dem \u017cywieniowym. Opr\u00f3cz tego, dietetyk bardzo cz\u0119sto odpowiada za nadz\u00f3r nad prawid\u0142owo\u015bci\u0105 przebiegu technologicznego poszczeg\u00f3lnych etap\u00f3w przygotowania potraw. Jak mo\u017cna zauwa\u017cy\u0107, zaw\u00f3d ten wymaga bardzo du\u017cej wiedzy z zakresu budowy i funkcjonowania ludzkiego cia\u0142a, psychologii, fizjologii, technologii i chemii \u017cywno\u015bci oraz jest to ci\u0105gle aktualizuj\u0105ca si\u0119 wiedza.<\/p>\n<p>W tym momencie nale\u017cy wspomnie\u0107, \u017ce aby m\u00f3c prowadzi\u0107 w\u0142asn\u0105 dzia\u0142alno\u015b\u0107 dietetyczn\u0105 lub pracowa\u0107 w tym zawodzie nale\u017cy zrobi\u0107 rozwa\u017cy\u0107 mo\u017cliwo\u015bci uzyskania tytu\u0142u dietetyka. Istniej\u0105 dwie, r\u00f3wnowa\u017cne opcje \u2013 pierwsza, to podj\u0119cie<strong> studi\u00f3w dietetycznych<\/strong>, sk\u0142adaj\u0105cych si\u0119 z <strong>5 lat nauki<\/strong>, kt\u00f3re realizuj\u0105 program studi\u00f3w zgodnie z wytycznymi MPiPS, dzi\u0119ki czemu uzyskany tytu\u0142 mgr dietetyki daje uprawnienia do pracy w zawodzie.<\/p>\n<p>Drug\u0105 opcj\u0105, jest podj\u0119cie kursu stacjonarnego lub online poruszaj\u0105cego t\u0119 sam\u0105 tematyk\u0119 co pi\u0119cioletnie studia. Nale\u017cy jednak wybiera\u0107 kursy, kt\u00f3re maj\u0105 zweryfikowany materia\u0142 zgodny z programem MPiPS.<\/p>\n<p>Platform\u0105 e-learningow\u0105, kt\u00f3ra gwarantuje dyplom dietetyka zgodny ze <strong>wszelkimi wymogami MPiPS <\/strong>oraz<strong> mi\u0119dzynarodowymi standardami ISCO <\/strong>jest <strong>Polski Instytut Dietetyki<\/strong> (<em>pid.edu.pl). <\/em>Przewag\u0105 takiego rozwi\u0105zania jest fakt, i\u017c pozwala on zaoszcz\u0119dzi\u0107 czas na dojazdy w wybrane przez plac\u00f3wk\u0119 miejsce szkoleniowe oraz pieni\u0105dze, poniewa\u017c jest ta\u0144szy ni\u017c kursy stacjonarne. Dodatkowo uzyskane w trakcie szkolenia kwalifikacje, potwierdzone dyplomem dietetyka s\u0105 zgodne z <strong>Rozporz\u0105dzeniem Ministra Pracy i Polityki Spo\u0142ecznej<\/strong> oraz<strong> standardami ISCO.<\/strong>\u00a0 Wszystkie materia\u0142y otrzymuje si\u0119 drog\u0105 internetow\u0105, w taki sam spos\u00f3b zaliczane s\u0105 wszelkiego rodzaju testy i egzaminy, a dokumenty przychodz\u0105 poczt\u0105. Jest to zatem bardzo wygodna, wiarygodna i nowoczesna forma potwierdzania wymaganych kwalifikacji zawodowych.<\/p>\n","protected":false},"excerpt":{"rendered":"<p>Wi\u0119cej informacji na temat kursu znajdziesz na stronie:\u00a0https:\/\/pid.edu.pl\/kursy\/136\/kurs-dietetyka Na wst\u0119pie nale\u017ca\u0142oby po kr\u00f3tce scharakteryzowa\u0107 czym zajmuje si\u0119 dietetyk. Ujmuj\u0105c zaw\u00f3d dietetyka og\u00f3lnie, to dietetyk zajmuje si\u0119 uk\u0142adaniem indywidualnych diet do potrzeb konkretnego pacjenta. Opr\u00f3cz kontaktu z drugim cz\u0142owiekiem i diagnozowaniu jego potrzeb, dietetyk prowadzi dokumentacj\u0119 medyczn\u0105, nierzadko r\u00f3wnie\u017c pe\u0142ni funkcj\u0119 edukatora, u\u015bwiadamiaj\u0105c ludziom jak funkcjonuje [&hellip;]<\/p>\n","protected":false},"author":1,"featured_media":123,"comment_status":"closed","ping_status":"closed","sticky":false,"template":"","format":"standard","meta":{"_lmt_disableupdate":"","_lmt_disable":"","footnotes":""},"categories":[905],"tags":[99,92,84,97,86,98,96,89,101,100,74],"class_list":["post-122","post","type-post","status-publish","format-standard","has-post-thumbnail","hentry","category-praca-dietetyka","tag-dietetyczny-gabinet","tag-dietetyk-praca","tag-dietetyk-zawod","tag-dietetyka-praca","tag-dietetyka-zawod","tag-gabinet-dietetyczny","tag-praca-dietetyk","tag-praca-dietetyka","tag-praca-jako-dietetyk","tag-praca-w-gabinecie-dietetycznym","tag-zawod-dietetyka"],"aioseo_notices":[],"modified_by":"digital","_links":{"self":[{"href":"https:\/\/pid.edu.pl\/aktualnosci\/wp-json\/wp\/v2\/posts\/122","targetHints":{"allow":["GET"]}}],"collection":[{"href":"https:\/\/pid.edu.pl\/aktualnosci\/wp-json\/wp\/v2\/posts"}],"about":[{"href":"https:\/\/pid.edu.pl\/aktualnosci\/wp-json\/wp\/v2\/types\/post"}],"author":[{"embeddable":true,"href":"https:\/\/pid.edu.pl\/aktualnosci\/wp-json\/wp\/v2\/users\/1"}],"replies":[{"embeddable":true,"href":"https:\/\/pid.edu.pl\/aktualnosci\/wp-json\/wp\/v2\/comments?post=122"}],"version-history":[{"count":4,"href":"https:\/\/pid.edu.pl\/aktualnosci\/wp-json\/wp\/v2\/posts\/122\/revisions"}],"predecessor-version":[{"id":2219,"href":"https:\/\/pid.edu.pl\/aktualnosci\/wp-json\/wp\/v2\/posts\/122\/revisions\/2219"}],"wp:featuredmedia":[{"embeddable":true,"href":"https:\/\/pid.edu.pl\/aktualnosci\/wp-json\/wp\/v2\/media\/123"}],"wp:attachment":[{"href":"https:\/\/pid.edu.pl\/aktualnosci\/wp-json\/wp\/v2\/media?parent=122"}],"wp:term":[{"taxonomy":"category","embeddable":true,"href":"https:\/\/pid.edu.pl\/aktualnosci\/wp-json\/wp\/v2\/categories?post=122"},{"taxonomy":"post_tag","embeddable":true,"href":"https:\/\/pid.edu.pl\/aktualnosci\/wp-json\/wp\/v2\/tags?post=122"}],"curies":[{"name":"wp","href":"https:\/\/api.w.org\/{rel}","templated":true}]}}