{"id":1046,"date":"2023-07-07T17:01:56","date_gmt":"2023-07-07T15:01:56","guid":{"rendered":"https:\/\/pid.edu.pl\/aktualnosci\/?p=1046"},"modified":"2023-08-24T09:39:08","modified_gmt":"2023-08-24T07:39:08","slug":"czym-sie-zajmuje-dietetyka","status":"publish","type":"post","link":"https:\/\/pid.edu.pl\/aktualnosci\/czym-sie-zajmuje-dietetyka\/","title":{"rendered":"Czym si\u0119 zajmuje dietetyka?"},"content":{"rendered":"<p><span style=\"font-weight: 400;\">Po\u017cywienie stanowi odpowied\u017a na jedn\u0105 z podstawowych potrzeb biologicznych. Dzi\u0119ki niemu organizm pozyskuje energie, sk\u0142adniki od\u017cywcze i witaminy, co wp\u0142ywa na prac\u0119 mi\u0119\u015bni, a tak\u017ce proces regeneracji organizmu. W zwi\u0105zku z tym prawid\u0142owa dieta odgrywa wa\u017cn\u0105 rol\u0119 w \u017cyciu cz\u0142owieka, a to przek\u0142ada si\u0119 na potrzeb\u0119 dalszego rozwijania wiedzy na temat dietetyki.\u00a0<\/span><\/p>\n<h2><span style=\"font-weight: 400;\">Dietetyka jako nauka<\/span><\/h2>\n<p><b>Dietetyka<\/b><span style=\"font-weight: 400;\"> to dynamicznie rozwijana dziedzina nauki zajmuj\u0105ca si\u0119 \u017cywieniem cz\u0142owieka oraz wp\u0142ywem po\u017cywienia na zdrowie ludzi. Z jej nazw\u0105 kojarzone jest s\u0142owo \u201c<\/span><b>dieta<\/b><span style=\"font-weight: 400;\">\u201d, kt\u00f3re oznacza <\/span><span style=\"font-weight: 400;\">ka\u017cdy <\/span><span style=\"font-weight: 400;\">spos\u00f3b od\u017cywiania, a <\/span><span style=\"font-weight: 400;\">cz\u0119sto b\u0142\u0119dnie interpretowane jest jako plan \u017cywieniowy maj\u0105cy na celu odchudzanie. <\/span><span style=\"font-weight: 400;\">Warto doda\u0107, \u017ce <\/span><span style=\"font-weight: 400;\">specjalista zajmuj\u0105cy si\u0119 dzia\u0142alno\u015bci\u0105 w tym obszarze okre\u015blany jest jako <\/span><b>dietetyk<\/b><span style=\"font-weight: 400;\">.<\/span><\/p>\n<h2><span style=\"font-weight: 400;\">Specjalizacje w dietetyce<\/span><\/h2>\n<p><span style=\"font-weight: 400;\">Dietetyka to dziedzina nauki o <\/span><b>interdyscyplinarnym charakterze<\/b><span style=\"font-weight: 400;\">. Wynika to z tego, \u017ce od\u017cywianie <\/span><b>wp\u0142ywa na wiele stref \u017cycia cz\u0142owieka<\/b><span style=\"font-weight: 400;\">: jego wygl\u0105d, funkcjonowanie, zdrowie fizyczne i psychiczne, a nawet kultur\u0119 i sztuk\u0119.<\/span><\/p>\n<p><span style=\"font-weight: 400;\">W zwi\u0105zku z tym <\/span><b>dietetyka doczeka\u0142a si\u0119 wszechstronnych specjalizacji<\/b><span style=\"font-weight: 400;\">, a w\u015br\u00f3d nich mo\u017cna wymieni\u0107, takie jak:<\/span><\/p>\n<ul>\n<li style=\"font-weight: 400;\" aria-level=\"1\"><span style=\"font-weight: 400;\">dietetyka kosmetyczna,<\/span><\/li>\n<li style=\"font-weight: 400;\" aria-level=\"1\"><span style=\"font-weight: 400;\">psychodietetyka,<\/span><\/li>\n<li style=\"font-weight: 400;\" aria-level=\"1\"><span style=\"font-weight: 400;\">coaching dietetyczny,<\/span><\/li>\n<li style=\"font-weight: 400;\" aria-level=\"1\"><span style=\"font-weight: 400;\">dietetyka sportowa,<\/span><\/li>\n<li style=\"font-weight: 400;\" aria-level=\"1\"><span style=\"font-weight: 400;\">dietetyka kliniczna,<\/span><\/li>\n<li style=\"font-weight: 400;\" aria-level=\"1\"><span style=\"font-weight: 400;\">dietetyka pediatryczna,<\/span><\/li>\n<li style=\"font-weight: 400;\" aria-level=\"1\"><span style=\"font-weight: 400;\">dietetyka \u017cywienia zbiorowego,<\/span><\/li>\n<li style=\"font-weight: 400;\" aria-level=\"1\"><span style=\"font-weight: 400;\">dietetyka ketogeniczna,<\/span><\/li>\n<li style=\"font-weight: 400;\" aria-level=\"1\"><span style=\"font-weight: 400;\">dietetyka endokrynna itd.<\/span><\/li>\n<\/ul>\n<blockquote><p><a title=\"Polski Instytut Dietetyki\" href=\"https:\/\/pid.edu.pl\/\"><span style=\"font-weight: 400;\">Sprawd\u017a nasz\u0105 ofert\u0119 kurs\u00f3w dietetycznych o wszechstronnej tematyce<\/span><\/a><\/p><\/blockquote>\n<h2><span style=\"font-weight: 400;\">Czym si\u0119 zajmuje dietetyk?<\/span><\/h2>\n<p><span style=\"font-weight: 400;\">G\u0142\u00f3wnym zadaniem, jakim zajmuje si\u0119 dietetyk, jest <\/span><b>opracowanie planu \u017cywieniowego zgodnie <\/b><b>z potrzebami i preferencjami swoich klient\u00f3w<\/b><span style=\"font-weight: 400;\">. Na pocz\u0105tku wsp\u00f3\u0142pracy ustala si\u0119 jej cel, poniewa\u017c dietetyk jest specjalist\u0105, kt\u00f3ry pomaga w:<\/span><\/p>\n<ul>\n<li style=\"font-weight: 400;\" aria-level=\"1\"><span style=\"font-weight: 400;\">redukowaniu lub zwi\u0119kszeniu masy cia\u0142a;<\/span><\/li>\n<li style=\"font-weight: 400;\" aria-level=\"1\"><span style=\"font-weight: 400;\">zmniejszaniu dolegliwo\u015bci zwi\u0105zanych z r\u00f3\u017cnymi typami schorze\u0144;<\/span><\/li>\n<li style=\"font-weight: 400;\" aria-level=\"1\"><span style=\"font-weight: 400;\">utrzymaniu cia\u0142a w dobrej kondycji;<\/span><\/li>\n<li style=\"font-weight: 400;\" aria-level=\"1\"><span style=\"font-weight: 400;\">poprawie wygl\u0105du i stanu od\u017cywienia sk\u00f3ry;<\/span><\/li>\n<li style=\"font-weight: 400;\" aria-level=\"1\"><span style=\"font-weight: 400;\">zmianie nawyk\u00f3w \u017cywieniowych na lepsze;<\/span><\/li>\n<li style=\"font-weight: 400;\" aria-level=\"1\"><span style=\"font-weight: 400;\">poprawie samopoczucia;<\/span><\/li>\n<li style=\"font-weight: 400;\" aria-level=\"1\"><span style=\"font-weight: 400;\">opracowaniu diety dla os\u00f3b z wykluczeniami i alergiami.<\/span><\/li>\n<\/ul>\n<p><b>Plan \u017cywieniowy musi by\u0107 stworzony indywidualnie dla ka\u017cdej osoby<\/b><span style=\"font-weight: 400;\">, dlatego przed jego wykonaniem dietetyk przeprowadza:<\/span><\/p>\n<ul>\n<li style=\"font-weight: 400;\" aria-level=\"1\"><span style=\"font-weight: 400;\">wywiad \u017cywieniowy;\u00a0<\/span><\/li>\n<li style=\"font-weight: 400;\" aria-level=\"1\"><span style=\"font-weight: 400;\">ocen\u0119 stanu od\u017cywienia;<\/span><\/li>\n<li style=\"font-weight: 400;\" aria-level=\"1\"><span style=\"font-weight: 400;\">analiz\u0119 masy i sk\u0142adu cia\u0142a;<\/span><\/li>\n<li style=\"font-weight: 400;\" aria-level=\"1\"><span style=\"font-weight: 400;\">analiz\u0119 zapotrzebowania kalorycznego i substancji od\u017cywczych.<\/span><\/li>\n<\/ul>\n<h2><span style=\"font-weight: 400;\">Czy dietetyk to lekarz?<\/span><\/h2>\n<p><b>Dietetyk nie jest lekarzem<\/b><span style=\"font-weight: 400;\">, poniewa\u017c praca na tym stanowisku nie wymaga uko\u0144czenia studi\u00f3w lekarskich i zdania lekarskiego egzaminu ko\u0144cowego. <\/span>Jest to zaw\u00f3d regulowany\u00a0<span style=\"font-weight: 400;\">przez inne rozporz\u0105dzenia ni\u017c zaw\u00f3d lekarza.<\/span><\/p>\n<p><img loading=\"lazy\" decoding=\"async\" class=\"alignnone size-large wp-image-1048\" src=\"https:\/\/pid.edu.pl\/aktualnosci\/wp-content\/uploads\/2023\/07\/Dietetyka-jako-nauka-1024x576.jpg\" alt=\"Dietetyka jako nauka\" width=\"696\" height=\"392\" srcset=\"https:\/\/pid.edu.pl\/aktualnosci\/wp-content\/uploads\/2023\/07\/Dietetyka-jako-nauka-1024x576.jpg 1024w, https:\/\/pid.edu.pl\/aktualnosci\/wp-content\/uploads\/2023\/07\/Dietetyka-jako-nauka-300x169.jpg 300w, https:\/\/pid.edu.pl\/aktualnosci\/wp-content\/uploads\/2023\/07\/Dietetyka-jako-nauka-768x432.jpg 768w, https:\/\/pid.edu.pl\/aktualnosci\/wp-content\/uploads\/2023\/07\/Dietetyka-jako-nauka-696x392.jpg 696w, https:\/\/pid.edu.pl\/aktualnosci\/wp-content\/uploads\/2023\/07\/Dietetyka-jako-nauka-1068x601.jpg 1068w, https:\/\/pid.edu.pl\/aktualnosci\/wp-content\/uploads\/2023\/07\/Dietetyka-jako-nauka-747x420.jpg 747w\" sizes=\"auto, (max-width: 696px) 100vw, 696px\" \/><\/p>\n<h2><span style=\"font-weight: 400;\">Miejsca pracy dietetyka<\/span><\/h2>\n<p><b>Wymienia si\u0119 r\u00f3\u017cnorodne miejsca pracy dietetyka w zale\u017cno\u015bci od rodzaju zada\u0144, jakie ma tam wykonywa\u0107<\/b><span style=\"font-weight: 400;\">. Mo\u017ce on by\u0107 zatrudniony w celu:<\/span><\/p>\n<ul>\n<li style=\"font-weight: 400;\" aria-level=\"1\"><span style=\"font-weight: 400;\">prowadzenia terapii \u017cywieniowej pacjent\u00f3w;<\/span><\/li>\n<li style=\"font-weight: 400;\" aria-level=\"1\"><span style=\"font-weight: 400;\">organizowania zaj\u0119\u0107 i warsztat\u00f3w edukacyjnych;<\/span><\/li>\n<li style=\"font-weight: 400;\" aria-level=\"1\"><span style=\"font-weight: 400;\">konsultowania sposob\u00f3w poprawy wygl\u0105du.<\/span><\/li>\n<\/ul>\n<p><span style=\"font-weight: 400;\">\u00a0<\/span><span style=\"font-weight: 400;\">W zwi\u0105zku z tym do miejsc pracy dietetyka zaliczamy:<\/span><\/p>\n<ul>\n<li style=\"font-weight: 400;\" aria-level=\"1\"><span style=\"font-weight: 400;\">poradnie dietetyczne;\u00a0<\/span><\/li>\n<li style=\"font-weight: 400;\" aria-level=\"1\"><span style=\"font-weight: 400;\">przychodnie;<\/span><\/li>\n<li style=\"font-weight: 400;\" aria-level=\"1\"><span style=\"font-weight: 400;\">szpitale;<\/span><\/li>\n<li style=\"font-weight: 400;\" aria-level=\"1\"><span style=\"font-weight: 400;\">plac\u00f3wki o\u015bwiatowo-wychowawcze;\u00a0<\/span><\/li>\n<li style=\"font-weight: 400;\" aria-level=\"1\"><span style=\"font-weight: 400;\">sanatoria;<\/span><\/li>\n<li style=\"font-weight: 400;\" aria-level=\"1\"><span style=\"font-weight: 400;\">domy wczasowe<\/span><\/li>\n<li style=\"font-weight: 400;\" aria-level=\"1\"><span style=\"font-weight: 400;\">salony SPA;<\/span><\/li>\n<li style=\"font-weight: 400;\" aria-level=\"1\"><span style=\"font-weight: 400;\">gabinety odnowy biologicznej;<\/span><\/li>\n<li style=\"font-weight: 400;\" aria-level=\"1\"><span style=\"font-weight: 400;\">kluby sportowe.<\/span><\/li>\n<\/ul>\n<h2><span style=\"font-weight: 400;\">Wykszta\u0142cenie dietetyka<\/span><\/h2>\n<p><span style=\"font-weight: 400;\">W celu rozpocz\u0119cia pracy jako dietetyk <\/span><b>nale\u017cy mie\u0107 udokumentowane wykszta\u0142cenie kierunkowe<\/b><span style=\"font-weight: 400;\">, po\u015bwiadczaj\u0105ce o tym, \u017ce dana osoba <\/span><span style=\"font-weight: 400;\">zdoby\u0142a dyplom uprawniaj\u0105cy albo uzyskany status absolwenta technologii \u017cywno\u015bci lub kierunkowych studi\u00f3w wy\u017cszych.\u00a0<\/span><\/p>\n<p><span style=\"font-weight: 400;\">Istnieje tak\u017ce mo\u017cliwo\u015b\u0107 przyst\u0105pienia na szkolenie oferowane<\/span><span style=\"font-weight: 400;\"> przez<\/span><a title=\"Polski Instytut Dietetyki\" href=\"https:\/\/pid.edu.pl\/\"> <span style=\"font-weight: 400;\">Polski Instytut Dietetyki<\/span><\/a><span style=\"font-weight: 400;\"> \u2013 jako jedyna instytucja w Polsce mo\u017cemy nadawa\u0107 tytu\u0142 dietetyka absolwentom 3-stopniowego kursu dietetycznego, na kt\u00f3ry sk\u0142ada si\u0119:<\/span><\/p>\n<ul>\n<li style=\"font-weight: 400;\" aria-level=\"1\"><span style=\"font-weight: 400;\">\u201cKurs Dietetyki Podstawowy\u201d,\u00a0<\/span><\/li>\n<li style=\"font-weight: 400;\" aria-level=\"1\"><span style=\"font-weight: 400;\">\u201cKurs Dietetyki Zaawansowany\u201d,<\/span><\/li>\n<li style=\"font-weight: 400;\" aria-level=\"1\"><span style=\"font-weight: 400;\">\u201cKurs Dietetyka\u201d.<\/span><\/li>\n<\/ul>\n<p><span style=\"font-weight: 400;\">Warto doda\u0107, \u017ce nasza instytucja otrzyma\u0142a <\/span><b>Certyfikat Jako\u015bci ISO 9001:2015<\/b><span style=\"font-weight: 400;\">. Jest to udokumentowanie faktu, \u017ce Polski Instytut Dietetyki prowadzi swoje kursy zgodnie z wszelkimi mi\u0119dzynarodowymi standardami jako\u015bci oraz normami.<\/span><\/p>\n<p><span style=\"font-weight: 400;\">Po ka\u017cdym stopniu tego szkolenia absolwent otrzymuje <\/span><b>certyfikat uko\u0144czenia kursu w j\u0119zyku polskim oraz angielskim<\/b><span style=\"font-weight: 400;\">, a tak\u017ce<\/span><b> za\u015bwiadczenie na wzorze Ministra Edukacji Narodowej<\/b><span style=\"font-weight: 400;\">. Natomiast po ostatnim z nich, tj. \u201cKursie Dietetyka\u201d absolwent, poza certyfikatem uko\u0144czenia kursu w j\u0119zyku polskim oraz angielskim i za\u015bwiadczeniem MEN, otrzymuje <\/span><b>tytu\u0142 i dyplom dietetyka wraz z kodem zawodu<\/b><span style=\"font-weight: 400;\">.<\/span><\/p>\n","protected":false},"excerpt":{"rendered":"<p>Po\u017cywienie stanowi odpowied\u017a na jedn\u0105 z podstawowych potrzeb biologicznych. Dzi\u0119ki niemu organizm pozyskuje energie, sk\u0142adniki od\u017cywcze i witaminy, co wp\u0142ywa na prac\u0119 mi\u0119\u015bni, a tak\u017ce proces regeneracji organizmu. W zwi\u0105zku z tym prawid\u0142owa dieta odgrywa wa\u017cn\u0105 rol\u0119 w \u017cyciu cz\u0142owieka, a to przek\u0142ada si\u0119 na potrzeb\u0119 dalszego rozwijania wiedzy na temat dietetyki.\u00a0 Dietetyka jako nauka [&hellip;]<\/p>\n","protected":false},"author":11,"featured_media":1047,"comment_status":"closed","ping_status":"closed","sticky":false,"template":"","format":"standard","meta":{"_lmt_disableupdate":"","_lmt_disable":"","footnotes":""},"categories":[905],"tags":[],"class_list":["post-1046","post","type-post","status-publish","format-standard","has-post-thumbnail","hentry","category-praca-dietetyka"],"aioseo_notices":[],"modified_by":"Emilia","_links":{"self":[{"href":"https:\/\/pid.edu.pl\/aktualnosci\/wp-json\/wp\/v2\/posts\/1046","targetHints":{"allow":["GET"]}}],"collection":[{"href":"https:\/\/pid.edu.pl\/aktualnosci\/wp-json\/wp\/v2\/posts"}],"about":[{"href":"https:\/\/pid.edu.pl\/aktualnosci\/wp-json\/wp\/v2\/types\/post"}],"author":[{"embeddable":true,"href":"https:\/\/pid.edu.pl\/aktualnosci\/wp-json\/wp\/v2\/users\/11"}],"replies":[{"embeddable":true,"href":"https:\/\/pid.edu.pl\/aktualnosci\/wp-json\/wp\/v2\/comments?post=1046"}],"version-history":[{"count":3,"href":"https:\/\/pid.edu.pl\/aktualnosci\/wp-json\/wp\/v2\/posts\/1046\/revisions"}],"predecessor-version":[{"id":1066,"href":"https:\/\/pid.edu.pl\/aktualnosci\/wp-json\/wp\/v2\/posts\/1046\/revisions\/1066"}],"wp:featuredmedia":[{"embeddable":true,"href":"https:\/\/pid.edu.pl\/aktualnosci\/wp-json\/wp\/v2\/media\/1047"}],"wp:attachment":[{"href":"https:\/\/pid.edu.pl\/aktualnosci\/wp-json\/wp\/v2\/media?parent=1046"}],"wp:term":[{"taxonomy":"category","embeddable":true,"href":"https:\/\/pid.edu.pl\/aktualnosci\/wp-json\/wp\/v2\/categories?post=1046"},{"taxonomy":"post_tag","embeddable":true,"href":"https:\/\/pid.edu.pl\/aktualnosci\/wp-json\/wp\/v2\/tags?post=1046"}],"curies":[{"name":"wp","href":"https:\/\/api.w.org\/{rel}","templated":true}]}}